{"id":2618,"date":"2024-07-30T12:30:55","date_gmt":"2024-07-30T12:30:55","guid":{"rendered":"https:\/\/www.cata-de-vinos.barcelona\/tast-de-vins-i-formatges-barcelona\/"},"modified":"2024-08-24T14:51:31","modified_gmt":"2024-08-24T14:51:31","slug":"tast-de-vins-i-formatges-barcelona","status":"publish","type":"post","link":"https:\/\/www.cata-de-vinos.barcelona\/ca\/tast-de-vins-i-formatges-barcelona\/","title":{"rendered":"Tast de vins i formatges Barcelona"},"content":{"rendered":"\t\t<div data-elementor-type=\"wp-post\" data-elementor-id=\"2618\" class=\"elementor elementor-2618\" data-elementor-post-type=\"post\">\n\t\t\t\t\t\t<section class=\"elementor-section elementor-top-section elementor-element elementor-element-4ef466d7 elementor-section-content-middle elementor-section-stretched elementor-section-boxed elementor-section-height-default elementor-section-height-default wpr-particle-no wpr-jarallax-no wpr-parallax-no wpr-sticky-section-no wpr-equal-height-no\" data-id=\"4ef466d7\" data-element_type=\"section\" data-e-type=\"section\" data-settings=\"{&quot;background_background&quot;:&quot;classic&quot;,&quot;stretch_section&quot;:&quot;section-stretched&quot;}\">\n\t\t\t\t\t\t\t<div class=\"elementor-background-overlay\"><\/div>\n\t\t\t\t\t\t\t<div class=\"elementor-container elementor-column-gap-no\">\n\t\t\t\t\t<div class=\"elementor-column elementor-col-100 elementor-top-column elementor-element elementor-element-27b3c7c7\" data-id=\"27b3c7c7\" data-element_type=\"column\" data-e-type=\"column\">\n\t\t\t<div class=\"elementor-widget-wrap elementor-element-populated\">\n\t\t\t\t\t\t<div class=\"elementor-element elementor-element-34a0c7a2 elementor-widget elementor-widget-heading\" data-id=\"34a0c7a2\" data-element_type=\"widget\" data-e-type=\"widget\" data-widget_type=\"heading.default\">\n\t\t\t\t<div class=\"elementor-widget-container\">\n\t\t\t\t\t<h1 class=\"elementor-heading-title elementor-size-default\">Tast de vins i formatges Barcelona<\/h1>\t\t\t\t<\/div>\n\t\t\t\t<\/div>\n\t\t\t\t\t<\/div>\n\t\t<\/div>\n\t\t\t\t\t<\/div>\n\t\t<\/section>\n\t\t\t\t<section class=\"elementor-section elementor-top-section elementor-element elementor-element-12865c3f elementor-section-content-middle elementor-section-stretched elementor-section-boxed elementor-section-height-default elementor-section-height-default wpr-particle-no wpr-jarallax-no wpr-parallax-no wpr-sticky-section-no wpr-equal-height-no\" data-id=\"12865c3f\" data-element_type=\"section\" data-e-type=\"section\" data-settings=\"{&quot;stretch_section&quot;:&quot;section-stretched&quot;}\">\n\t\t\t\t\t\t\t<div class=\"elementor-background-overlay\"><\/div>\n\t\t\t\t\t\t\t<div class=\"elementor-container elementor-column-gap-default\">\n\t\t\t\t\t<div class=\"elementor-column elementor-col-100 elementor-top-column elementor-element elementor-element-17da29c2\" data-id=\"17da29c2\" data-element_type=\"column\" data-e-type=\"column\">\n\t\t\t<div class=\"elementor-widget-wrap elementor-element-populated\">\n\t\t\t\t\t\t<div class=\"elementor-element elementor-element-2b457ce6 elementor-widget elementor-widget-text-editor\" data-id=\"2b457ce6\" data-element_type=\"widget\" data-e-type=\"widget\" data-widget_type=\"text-editor.default\">\n\t\t\t\t<div class=\"elementor-widget-container\">\n\t\t\t\t\t\t\t\t\t<p>Vins i Formatges | La Combinaci\u00f3 Perfecta<\/p>\t\t\t\t\t\t\t\t<\/div>\n\t\t\t\t<\/div>\n\t\t\t\t<div class=\"elementor-element elementor-element-6bac4eb6 elementor-widget elementor-widget-text-editor\" data-id=\"6bac4eb6\" data-element_type=\"widget\" data-e-type=\"widget\" data-widget_type=\"text-editor.default\">\n\t\t\t\t<div class=\"elementor-widget-container\">\n\t\t\t\t\t\t\t\t\t<p><strong>L&#8217;opci\u00f3 perfecta per allunyar-se de l&#8217;enrenou de la ciutat i viure una experi\u00e8ncia culin\u00e0ria sense igual<\/strong> amb el nostre tast de vins i formatges. No nom\u00e9s est\u00e0s convidat a delectar-te amb una curada selecci\u00f3 de vins, en aquesta vetllada el maridatge ser\u00e0 igual d&#8217;important. <strong>L&#8217;ocasi\u00f3 id\u00f2nia per tastar formatges \u00fanics<\/strong>, elegits per les caracter\u00edstiques distintives i la capacitat per complementar-se.<\/p>\t\t\t\t\t\t\t\t<\/div>\n\t\t\t\t<\/div>\n\t\t\t\t<div class=\"elementor-element elementor-element-7282b8cd elementor-align-center elementor-widget elementor-widget-button\" data-id=\"7282b8cd\" data-element_type=\"widget\" data-e-type=\"widget\" data-widget_type=\"button.default\">\n\t\t\t\t<div class=\"elementor-widget-container\">\n\t\t\t\t\t\t\t\t\t<div class=\"elementor-button-wrapper\">\n\t\t\t\t\t<a class=\"elementor-button elementor-button-link elementor-size-xl\" href=\"https:\/\/www.cata-de-vinos.barcelona\/product\/tast-de-vins\/\">\n\t\t\t\t\t\t<span class=\"elementor-button-content-wrapper\">\n\t\t\t\t\t\t<span class=\"elementor-button-icon\">\n\t\t\t\t<svg aria-hidden=\"true\" class=\"e-font-icon-svg e-fas-angle-double-right\" viewBox=\"0 0 448 512\" xmlns=\"http:\/\/www.w3.org\/2000\/svg\"><path d=\"M224.3 273l-136 136c-9.4 9.4-24.6 9.4-33.9 0l-22.6-22.6c-9.4-9.4-9.4-24.6 0-33.9l96.4-96.4-96.4-96.4c-9.4-9.4-9.4-24.6 0-33.9L54.3 103c9.4-9.4 24.6-9.4 33.9 0l136 136c9.5 9.4 9.5 24.6.1 34zm192-34l-136-136c-9.4-9.4-24.6-9.4-33.9 0l-22.6 22.6c-9.4 9.4-9.4 24.6 0 33.9l96.4 96.4-96.4 96.4c-9.4 9.4-9.4 24.6 0 33.9l22.6 22.6c9.4 9.4 24.6 9.4 33.9 0l136-136c9.4-9.2 9.4-24.4 0-33.8z\"><\/path><\/svg>\t\t\t<\/span>\n\t\t\t\t\t\t\t\t\t<span class=\"elementor-button-text\">Reserva avui<\/span>\n\t\t\t\t\t<\/span>\n\t\t\t\t\t<\/a>\n\t\t\t\t<\/div>\n\t\t\t\t\t\t\t\t<\/div>\n\t\t\t\t<\/div>\n\t\t\t\t<div class=\"elementor-element elementor-element-43668ee1 elementor-widget elementor-widget-heading\" data-id=\"43668ee1\" data-element_type=\"widget\" data-e-type=\"widget\" data-widget_type=\"heading.default\">\n\t\t\t\t<div class=\"elementor-widget-container\">\n\t\t\t\t\t<h2 class=\"elementor-heading-title elementor-size-default\">Quatre Raons per assistir el millor tast de vins catalunya<\/h2>\t\t\t\t<\/div>\n\t\t\t\t<\/div>\n\t\t\t\t\t<\/div>\n\t\t<\/div>\n\t\t\t\t\t<\/div>\n\t\t<\/section>\n\t\t\t\t<section class=\"elementor-section elementor-top-section elementor-element elementor-element-24c39c8c elementor-section-stretched elementor-section-boxed elementor-section-height-default elementor-section-height-default wpr-particle-no wpr-jarallax-no wpr-parallax-no wpr-sticky-section-no wpr-equal-height-no\" data-id=\"24c39c8c\" data-element_type=\"section\" data-e-type=\"section\" data-settings=\"{&quot;stretch_section&quot;:&quot;section-stretched&quot;,&quot;background_background&quot;:&quot;classic&quot;}\">\n\t\t\t\t\t\t<div class=\"elementor-container elementor-column-gap-default\">\n\t\t\t\t\t<div class=\"elementor-column elementor-col-25 elementor-top-column elementor-element elementor-element-2db9fc7f\" data-id=\"2db9fc7f\" data-element_type=\"column\" data-e-type=\"column\">\n\t\t\t<div class=\"elementor-widget-wrap elementor-element-populated\">\n\t\t\t\t\t\t<div class=\"elementor-element elementor-element-3a8696dd elementor-view-framed elementor-position-inline-start elementor-shape-circle elementor-mobile-position-block-start elementor-widget elementor-widget-icon-box\" data-id=\"3a8696dd\" data-element_type=\"widget\" data-e-type=\"widget\" data-widget_type=\"icon-box.default\">\n\t\t\t\t<div class=\"elementor-widget-container\">\n\t\t\t\t\t\t\t<div class=\"elementor-icon-box-wrapper\">\n\n\t\t\t\t\t\t<div class=\"elementor-icon-box-icon\">\n\t\t\t\t<span  class=\"elementor-icon\">\n\t\t\t\t<svg aria-hidden=\"true\" class=\"e-font-icon-svg e-fas-glass-cheers\" viewBox=\"0 0 640 512\" xmlns=\"http:\/\/www.w3.org\/2000\/svg\"><path d=\"M639.4 433.6c-8.4-20.4-31.8-30.1-52.2-21.6l-22.1 9.2-38.7-101.9c47.9-35 64.8-100.3 34.5-152.8L474.3 16c-8-13.9-25.1-19.7-40-13.6L320 49.8 205.7 2.4c-14.9-6.2-32-.3-40 13.6L79.1 166.5C48.9 219 65.7 284.3 113.6 319.2L74.9 421.1l-22.1-9.2c-20.4-8.5-43.7 1.2-52.2 21.6-1.7 4.1.2 8.8 4.3 10.5l162.3 67.4c4.1 1.7 8.7-.2 10.4-4.3 8.4-20.4-1.2-43.8-21.6-52.3l-22.1-9.2L173.3 342c4.4.5 8.8 1.3 13.1 1.3 51.7 0 99.4-33.1 113.4-85.3l20.2-75.4 20.2 75.4c14 52.2 61.7 85.3 113.4 85.3 4.3 0 8.7-.8 13.1-1.3L506 445.6l-22.1 9.2c-20.4 8.5-30.1 31.9-21.6 52.3 1.7 4.1 6.4 6 10.4 4.3L635.1 444c4-1.7 6-6.3 4.3-10.4zM275.9 162.1l-112.1-46.5 36.5-63.4 94.5 39.2-18.9 70.7zm88.2 0l-18.9-70.7 94.5-39.2 36.5 63.4-112.1 46.5z\"><\/path><\/svg>\t\t\t\t<\/span>\n\t\t\t<\/div>\n\t\t\t\n\t\t\t\t\t\t<div class=\"elementor-icon-box-content\">\n\n\t\t\t\t\t\t\t\t\t<p class=\"elementor-icon-box-title\">\n\t\t\t\t\t\t<span  >\n\t\t\t\t\t\t\tGaleria de Sabor\t\t\t\t\t\t<\/span>\n\t\t\t\t\t<\/p>\n\t\t\t\t\n\t\t\t\t\t\t\t\t\t<p class=\"elementor-icon-box-description\">\n\t\t\t\t\t\tDescobreix una pan\u00f2plia de vins exquisits i formatges artesanals que es fondran a la teva boca. Cada combinaci\u00f3 ha estat seleccionada per experts per crear veritable harmonia entre vi i formatge.\t\t\t\t\t<\/p>\n\t\t\t\t\n\t\t\t<\/div>\n\t\t\t\n\t\t<\/div>\n\t\t\t\t\t\t<\/div>\n\t\t\t\t<\/div>\n\t\t\t\t\t<\/div>\n\t\t<\/div>\n\t\t\t\t<div class=\"elementor-column elementor-col-25 elementor-top-column elementor-element elementor-element-393ae384\" data-id=\"393ae384\" data-element_type=\"column\" data-e-type=\"column\">\n\t\t\t<div class=\"elementor-widget-wrap elementor-element-populated\">\n\t\t\t\t\t\t<div class=\"elementor-element elementor-element-71f78f89 elementor-view-framed elementor-position-inline-start elementor-shape-circle elementor-mobile-position-block-start elementor-widget elementor-widget-icon-box\" data-id=\"71f78f89\" data-element_type=\"widget\" data-e-type=\"widget\" data-widget_type=\"icon-box.default\">\n\t\t\t\t<div class=\"elementor-widget-container\">\n\t\t\t\t\t\t\t<div class=\"elementor-icon-box-wrapper\">\n\n\t\t\t\t\t\t<div class=\"elementor-icon-box-icon\">\n\t\t\t\t<span  class=\"elementor-icon\">\n\t\t\t\t<svg aria-hidden=\"true\" class=\"e-font-icon-svg e-fas-gem\" viewBox=\"0 0 576 512\" xmlns=\"http:\/\/www.w3.org\/2000\/svg\"><path d=\"M485.5 0L576 160H474.9L405.7 0h79.8zm-128 0l69.2 160H149.3L218.5 0h139zm-267 0h79.8l-69.2 160H0L90.5 0zM0 192h100.7l123 251.7c1.5 3.1-2.7 5.9-5 3.3L0 192zm148.2 0h279.6l-137 318.2c-1 2.4-4.5 2.4-5.5 0L148.2 192zm204.1 251.7l123-251.7H576L357.3 446.9c-2.3 2.7-6.5-.1-5-3.2z\"><\/path><\/svg>\t\t\t\t<\/span>\n\t\t\t<\/div>\n\t\t\t\n\t\t\t\t\t\t<div class=\"elementor-icon-box-content\">\n\n\t\t\t\t\t\t\t\t\t<p class=\"elementor-icon-box-title\">\n\t\t\t\t\t\t<span  >\n\t\t\t\t\t\t\tTots els Nivells\t\t\t\t\t\t<\/span>\n\t\t\t\t\t<\/p>\n\t\t\t\t\n\t\t\t\t\t\t\t\t\t<p class=\"elementor-icon-box-description\">\n\t\t\t\t\t\tCada sessi\u00f3 \u00e9s un am\u00e8 aprenentatge, ja sigui sobre l'art d'acompanyar o sobre la hist\u00f2ria dels vins que degustar\u00e0s, tant se val si ets expert o principiant.\t\t\t\t\t<\/p>\n\t\t\t\t\n\t\t\t<\/div>\n\t\t\t\n\t\t<\/div>\n\t\t\t\t\t\t<\/div>\n\t\t\t\t<\/div>\n\t\t\t\t\t<\/div>\n\t\t<\/div>\n\t\t\t\t<div class=\"elementor-column elementor-col-25 elementor-top-column elementor-element elementor-element-244c6cd6\" data-id=\"244c6cd6\" data-element_type=\"column\" data-e-type=\"column\">\n\t\t\t<div class=\"elementor-widget-wrap elementor-element-populated\">\n\t\t\t\t\t\t<div class=\"elementor-element elementor-element-51a59348 elementor-view-framed elementor-position-inline-start elementor-shape-circle elementor-mobile-position-block-start elementor-widget elementor-widget-icon-box\" data-id=\"51a59348\" data-element_type=\"widget\" data-e-type=\"widget\" data-widget_type=\"icon-box.default\">\n\t\t\t\t<div class=\"elementor-widget-container\">\n\t\t\t\t\t\t\t<div class=\"elementor-icon-box-wrapper\">\n\n\t\t\t\t\t\t<div class=\"elementor-icon-box-icon\">\n\t\t\t\t<span  class=\"elementor-icon\">\n\t\t\t\t<svg aria-hidden=\"true\" class=\"e-font-icon-svg e-fas-utensils\" viewBox=\"0 0 416 512\" xmlns=\"http:\/\/www.w3.org\/2000\/svg\"><path d=\"M207.9 15.2c.8 4.7 16.1 94.5 16.1 128.8 0 52.3-27.8 89.6-68.9 104.6L168 486.7c.7 13.7-10.2 25.3-24 25.3H80c-13.7 0-24.7-11.5-24-25.3l12.9-238.1C27.7 233.6 0 196.2 0 144 0 109.6 15.3 19.9 16.1 15.2 19.3-5.1 61.4-5.4 64 16.3v141.2c1.3 3.4 15.1 3.2 16 0 1.4-25.3 7.9-139.2 8-141.8 3.3-20.8 44.7-20.8 47.9 0 .2 2.7 6.6 116.5 8 141.8.9 3.2 14.8 3.4 16 0V16.3c2.6-21.6 44.8-21.4 48-1.1zm119.2 285.7l-15 185.1c-1.2 14 9.9 26 23.9 26h56c13.3 0 24-10.7 24-24V24c0-13.2-10.7-24-24-24-82.5 0-221.4 178.5-64.9 300.9z\"><\/path><\/svg>\t\t\t\t<\/span>\n\t\t\t<\/div>\n\t\t\t\n\t\t\t\t\t\t<div class=\"elementor-icon-box-content\">\n\n\t\t\t\t\t\t\t\t\t<p class=\"elementor-icon-box-title\">\n\t\t\t\t\t\t<span  >\n\t\t\t\t\t\t\tEntorn d'Encant\t\t\t\t\t\t<\/span>\n\t\t\t\t\t<\/p>\n\t\t\t\t\n\t\t\t\t\t\t\t\t\t<p class=\"elementor-icon-box-description\">\n\t\t\t\t\t\tEntorn de \u00c9s moment de relaxar-vos en un entorn acollidor al cor de Barcelona. El nostre espai est\u00e0 dissenyat per proporcionar una experi\u00e8ncia sensorial completa i plaent.\t\t\t\t\t<\/p>\n\t\t\t\t\n\t\t\t<\/div>\n\t\t\t\n\t\t<\/div>\n\t\t\t\t\t\t<\/div>\n\t\t\t\t<\/div>\n\t\t\t\t\t<\/div>\n\t\t<\/div>\n\t\t\t\t<div class=\"elementor-column elementor-col-25 elementor-top-column elementor-element elementor-element-647466db\" data-id=\"647466db\" data-element_type=\"column\" data-e-type=\"column\">\n\t\t\t<div class=\"elementor-widget-wrap elementor-element-populated\">\n\t\t\t\t\t\t<div class=\"elementor-element elementor-element-2f14ca98 elementor-view-framed elementor-position-inline-start elementor-shape-circle elementor-mobile-position-block-start elementor-widget elementor-widget-icon-box\" data-id=\"2f14ca98\" data-element_type=\"widget\" data-e-type=\"widget\" data-widget_type=\"icon-box.default\">\n\t\t\t\t<div class=\"elementor-widget-container\">\n\t\t\t\t\t\t\t<div class=\"elementor-icon-box-wrapper\">\n\n\t\t\t\t\t\t<div class=\"elementor-icon-box-icon\">\n\t\t\t\t<span  class=\"elementor-icon\">\n\t\t\t\t<svg aria-hidden=\"true\" class=\"e-font-icon-svg e-fas-award\" viewBox=\"0 0 384 512\" xmlns=\"http:\/\/www.w3.org\/2000\/svg\"><path d=\"M97.12 362.63c-8.69-8.69-4.16-6.24-25.12-11.85-9.51-2.55-17.87-7.45-25.43-13.32L1.2 448.7c-4.39 10.77 3.81 22.47 15.43 22.03l52.69-2.01L105.56 507c8 8.44 22.04 5.81 26.43-4.96l52.05-127.62c-10.84 6.04-22.87 9.58-35.31 9.58-19.5 0-37.82-7.59-51.61-21.37zM382.8 448.7l-45.37-111.24c-7.56 5.88-15.92 10.77-25.43 13.32-21.07 5.64-16.45 3.18-25.12 11.85-13.79 13.78-32.12 21.37-51.62 21.37-12.44 0-24.47-3.55-35.31-9.58L252 502.04c4.39 10.77 18.44 13.4 26.43 4.96l36.25-38.28 52.69 2.01c11.62.44 19.82-11.27 15.43-22.03zM263 340c15.28-15.55 17.03-14.21 38.79-20.14 13.89-3.79 24.75-14.84 28.47-28.98 7.48-28.4 5.54-24.97 25.95-45.75 10.17-10.35 14.14-25.44 10.42-39.58-7.47-28.38-7.48-24.42 0-52.83 3.72-14.14-.25-29.23-10.42-39.58-20.41-20.78-18.47-17.36-25.95-45.75-3.72-14.14-14.58-25.19-28.47-28.98-27.88-7.61-24.52-5.62-44.95-26.41-10.17-10.35-25-14.4-38.89-10.61-27.87 7.6-23.98 7.61-51.9 0-13.89-3.79-28.72.25-38.89 10.61-20.41 20.78-17.05 18.8-44.94 26.41-13.89 3.79-24.75 14.84-28.47 28.98-7.47 28.39-5.54 24.97-25.95 45.75-10.17 10.35-14.15 25.44-10.42 39.58 7.47 28.36 7.48 24.4 0 52.82-3.72 14.14.25 29.23 10.42 39.59 20.41 20.78 18.47 17.35 25.95 45.75 3.72 14.14 14.58 25.19 28.47 28.98C104.6 325.96 106.27 325 121 340c13.23 13.47 33.84 15.88 49.74 5.82a39.676 39.676 0 0 1 42.53 0c15.89 10.06 36.5 7.65 49.73-5.82zM97.66 175.96c0-53.03 42.24-96.02 94.34-96.02s94.34 42.99 94.34 96.02-42.24 96.02-94.34 96.02-94.34-42.99-94.34-96.02z\"><\/path><\/svg>\t\t\t\t<\/span>\n\t\t\t<\/div>\n\t\t\t\n\t\t\t\t\t\t<div class=\"elementor-icon-box-content\">\n\n\t\t\t\t\t\t\t\t\t<p class=\"elementor-icon-box-title\">\n\t\t\t\t\t\t<span  >\n\t\t\t\t\t\t\tSommeliers de Renom\t\t\t\t\t\t<\/span>\n\t\t\t\t\t<\/p>\n\t\t\t\t\n\t\t\t\t\t\t\t\t\t<p class=\"elementor-icon-box-description\">\n\t\t\t\t\t\tEls nostres apassionats sommeliers et guiaran a trav\u00e9s de cada tast. Et compartiran el seu coneixement i passi\u00f3 a cada glop ia cada mos.\t\t\t\t\t<\/p>\n\t\t\t\t\n\t\t\t<\/div>\n\t\t\t\n\t\t<\/div>\n\t\t\t\t\t\t<\/div>\n\t\t\t\t<\/div>\n\t\t\t\t\t<\/div>\n\t\t<\/div>\n\t\t\t\t\t<\/div>\n\t\t<\/section>\n\t\t\t\t<section class=\"elementor-section elementor-top-section elementor-element elementor-element-6d61c1b0 elementor-section-content-middle elementor-section-stretched elementor-section-boxed elementor-section-height-default elementor-section-height-default wpr-particle-no wpr-jarallax-no wpr-parallax-no wpr-sticky-section-no wpr-equal-height-no\" data-id=\"6d61c1b0\" data-element_type=\"section\" data-e-type=\"section\" data-settings=\"{&quot;stretch_section&quot;:&quot;section-stretched&quot;}\">\n\t\t\t\t\t\t\t<div class=\"elementor-background-overlay\"><\/div>\n\t\t\t\t\t\t\t<div class=\"elementor-container elementor-column-gap-default\">\n\t\t\t\t\t<div class=\"elementor-column elementor-col-100 elementor-top-column elementor-element elementor-element-e2953a8\" data-id=\"e2953a8\" data-element_type=\"column\" data-e-type=\"column\">\n\t\t\t<div class=\"elementor-widget-wrap\">\n\t\t\t\t\t\t\t<\/div>\n\t\t<\/div>\n\t\t\t\t\t<\/div>\n\t\t<\/section>\n\t\t\t\t<section class=\"elementor-section elementor-top-section elementor-element elementor-element-12416540 elementor-section-stretched elementor-section-boxed elementor-section-height-default elementor-section-height-default wpr-particle-no wpr-jarallax-no wpr-parallax-no wpr-sticky-section-no wpr-equal-height-no\" data-id=\"12416540\" data-element_type=\"section\" data-e-type=\"section\" data-settings=\"{&quot;stretch_section&quot;:&quot;section-stretched&quot;,&quot;background_background&quot;:&quot;classic&quot;}\">\n\t\t\t\t\t\t\t<div class=\"elementor-background-overlay\"><\/div>\n\t\t\t\t\t\t\t<div class=\"elementor-container elementor-column-gap-default\">\n\t\t\t\t\t<div class=\"elementor-column elementor-col-50 elementor-top-column elementor-element elementor-element-e32fb21\" data-id=\"e32fb21\" data-element_type=\"column\" data-e-type=\"column\">\n\t\t\t<div class=\"elementor-widget-wrap elementor-element-populated\">\n\t\t\t\t\t\t<div class=\"elementor-element elementor-element-6d79705b elementor-widget elementor-widget-heading\" data-id=\"6d79705b\" data-element_type=\"widget\" data-e-type=\"widget\" data-widget_type=\"heading.default\">\n\t\t\t\t<div class=\"elementor-widget-container\">\n\t\t\t\t\t<h2 class=\"elementor-heading-title elementor-size-default\">M\u00e9s Que Un Tast de vi i formatge<\/h2>\t\t\t\t<\/div>\n\t\t\t\t<\/div>\n\t\t\t\t<div class=\"elementor-element elementor-element-24aef224 elementor-widget elementor-widget-text-editor\" data-id=\"24aef224\" data-element_type=\"widget\" data-e-type=\"widget\" data-widget_type=\"text-editor.default\">\n\t\t\t\t<div class=\"elementor-widget-container\">\n\t\t\t\t\t\t\t\t\t<p><strong>\u00c9s una experi\u00e8ncia que va m\u00e9s enll\u00e0 d\u00b4una simple degustaci\u00f3, \u00e9s una exploraci\u00f3 profunda de l\u00b4artesania i la tradici\u00f3<\/strong>. Vine a donar-te un gust.<\/p><p>El nostre equip de sommeliers explicaran els principis fonamentals de l&#8217;acompanyament del vi, ensenyant-te a identificar qu\u00e8 fa que certs vins i formatges es complementin tan b\u00e9. Reserva avui i experimenta el despertar dels teus sentits.<\/p>\t\t\t\t\t\t\t\t<\/div>\n\t\t\t\t<\/div>\n\t\t\t\t\t<\/div>\n\t\t<\/div>\n\t\t\t\t<div class=\"elementor-column elementor-col-50 elementor-top-column elementor-element elementor-element-1be0748f\" data-id=\"1be0748f\" data-element_type=\"column\" data-e-type=\"column\" data-settings=\"{&quot;background_background&quot;:&quot;slideshow&quot;,&quot;background_slideshow_gallery&quot;:[{&quot;id&quot;:1911,&quot;url&quot;:&quot;https:\\\/\\\/www.cata-de-vinos.barcelona\\\/wp-content\\\/uploads\\\/2024\\\/07\\\/cata-de-vinos-pareja-2.png&quot;}],&quot;background_slideshow_loop&quot;:&quot;yes&quot;,&quot;background_slideshow_slide_duration&quot;:5000,&quot;background_slideshow_slide_transition&quot;:&quot;fade&quot;,&quot;background_slideshow_transition_duration&quot;:500}\">\n\t\t\t<div class=\"elementor-widget-wrap\">\n\t\t\t\t\t\t\t<\/div>\n\t\t<\/div>\n\t\t\t\t\t<\/div>\n\t\t<\/section>\n\t\t\t\t<section class=\"elementor-section elementor-top-section elementor-element elementor-element-6ef5a1a9 elementor-section-content-middle elementor-section-stretched elementor-section-boxed elementor-section-height-default elementor-section-height-default wpr-particle-no wpr-jarallax-no wpr-parallax-no wpr-sticky-section-no wpr-equal-height-no\" data-id=\"6ef5a1a9\" data-element_type=\"section\" data-e-type=\"section\" data-settings=\"{&quot;stretch_section&quot;:&quot;section-stretched&quot;}\">\n\t\t\t\t\t\t\t<div class=\"elementor-background-overlay\"><\/div>\n\t\t\t\t\t\t\t<div class=\"elementor-container elementor-column-gap-default\">\n\t\t\t\t\t<div class=\"elementor-column elementor-col-100 elementor-top-column elementor-element elementor-element-1444fc25\" data-id=\"1444fc25\" data-element_type=\"column\" data-e-type=\"column\">\n\t\t\t<div class=\"elementor-widget-wrap elementor-element-populated\">\n\t\t\t\t\t\t<div class=\"elementor-element elementor-element-28ff1a6 elementor-align-center elementor-widget elementor-widget-button\" data-id=\"28ff1a6\" data-element_type=\"widget\" data-e-type=\"widget\" data-widget_type=\"button.default\">\n\t\t\t\t<div class=\"elementor-widget-container\">\n\t\t\t\t\t\t\t\t\t<div class=\"elementor-button-wrapper\">\n\t\t\t\t\t<a class=\"elementor-button elementor-button-link elementor-size-xl\" href=\"https:\/\/www.cata-de-vinos.barcelona\/product\/tast-de-vins\/\">\n\t\t\t\t\t\t<span class=\"elementor-button-content-wrapper\">\n\t\t\t\t\t\t<span class=\"elementor-button-icon\">\n\t\t\t\t<svg aria-hidden=\"true\" class=\"e-font-icon-svg e-fas-angle-double-right\" viewBox=\"0 0 448 512\" xmlns=\"http:\/\/www.w3.org\/2000\/svg\"><path d=\"M224.3 273l-136 136c-9.4 9.4-24.6 9.4-33.9 0l-22.6-22.6c-9.4-9.4-9.4-24.6 0-33.9l96.4-96.4-96.4-96.4c-9.4-9.4-9.4-24.6 0-33.9L54.3 103c9.4-9.4 24.6-9.4 33.9 0l136 136c9.5 9.4 9.5 24.6.1 34zm192-34l-136-136c-9.4-9.4-24.6-9.4-33.9 0l-22.6 22.6c-9.4 9.4-9.4 24.6 0 33.9l96.4 96.4-96.4 96.4c-9.4 9.4-9.4 24.6 0 33.9l22.6 22.6c9.4 9.4 24.6 9.4 33.9 0l136-136c9.4-9.2 9.4-24.4 0-33.8z\"><\/path><\/svg>\t\t\t<\/span>\n\t\t\t\t\t\t\t\t\t<span class=\"elementor-button-text\">Reserva ara<\/span>\n\t\t\t\t\t<\/span>\n\t\t\t\t\t<\/a>\n\t\t\t\t<\/div>\n\t\t\t\t\t\t\t\t<\/div>\n\t\t\t\t<\/div>\n\t\t\t\t\t<\/div>\n\t\t<\/div>\n\t\t\t\t\t<\/div>\n\t\t<\/section>\n\t\t\t\t<section class=\"elementor-section elementor-top-section elementor-element elementor-element-2e6bfbc6 elementor-section-content-middle elementor-section-stretched elementor-section-boxed elementor-section-height-default elementor-section-height-default wpr-particle-no wpr-jarallax-no wpr-parallax-no wpr-sticky-section-no wpr-equal-height-no\" data-id=\"2e6bfbc6\" data-element_type=\"section\" data-e-type=\"section\" data-settings=\"{&quot;stretch_section&quot;:&quot;section-stretched&quot;}\">\n\t\t\t\t\t\t\t<div class=\"elementor-background-overlay\"><\/div>\n\t\t\t\t\t\t\t<div class=\"elementor-container elementor-column-gap-default\">\n\t\t\t\t\t<div class=\"elementor-column elementor-col-100 elementor-top-column elementor-element elementor-element-1063f207\" data-id=\"1063f207\" data-element_type=\"column\" data-e-type=\"column\">\n\t\t\t<div class=\"elementor-widget-wrap elementor-element-populated\">\n\t\t\t\t\t\t<div class=\"elementor-element elementor-element-46977ec5 elementor-widget elementor-widget-heading\" data-id=\"46977ec5\" data-element_type=\"widget\" data-e-type=\"widget\" data-widget_type=\"heading.default\">\n\t\t\t\t<div class=\"elementor-widget-container\">\n\t\t\t\t\t<h2 class=\"elementor-heading-title elementor-size-default\">L\u00b4Art del Maridatge en aquesta experi\u00e8ncia tast de vins barcelona<\/h2>\t\t\t\t<\/div>\n\t\t\t\t<\/div>\n\t\t\t\t<div class=\"elementor-element elementor-element-1e6fb78a elementor-widget elementor-widget-text-editor\" data-id=\"1e6fb78a\" data-element_type=\"widget\" data-e-type=\"widget\" data-widget_type=\"text-editor.default\">\n\t\t\t\t<div class=\"elementor-widget-container\">\n\t\t\t\t\t\t\t\t\t<p>En participar al nostre tast, entrar\u00e0s en un m\u00f3n on el vi i el formatge s\u00f3n molt m\u00e9s que una simple combinaci\u00f3; s\u00f3n una conversa entre sabors, aromes i textures. Reserva ara el teu lloc al nostre tast de vins i formatges i descobreix per qu\u00e8 aquesta combinaci\u00f3 \u00e9s coneguda com la parella perfecta al m\u00f3n culinari. T&#8217;esperem per brindar-te un <a href=\"https:\/\/www.cata-de-vinos.barcelona\/ca\/\"><strong>tast de vins Barcelona<\/strong><\/a> inoblidable!<\/p>\t\t\t\t\t\t\t\t<\/div>\n\t\t\t\t<\/div>\n\t\t\t\t\t<\/div>\n\t\t<\/div>\n\t\t\t\t\t<\/div>\n\t\t<\/section>\n\t\t\t\t<section class=\"elementor-section elementor-top-section elementor-element elementor-element-416792da elementor-section-content-middle elementor-section-stretched elementor-section-boxed elementor-section-height-default elementor-section-height-default wpr-particle-no wpr-jarallax-no wpr-parallax-no wpr-sticky-section-no wpr-equal-height-no\" data-id=\"416792da\" data-element_type=\"section\" data-e-type=\"section\" data-settings=\"{&quot;stretch_section&quot;:&quot;section-stretched&quot;}\">\n\t\t\t\t\t\t\t<div class=\"elementor-background-overlay\"><\/div>\n\t\t\t\t\t\t\t<div class=\"elementor-container elementor-column-gap-default\">\n\t\t\t\t\t<div class=\"elementor-column elementor-col-100 elementor-top-column elementor-element elementor-element-13414db8\" data-id=\"13414db8\" data-element_type=\"column\" data-e-type=\"column\">\n\t\t\t<div class=\"elementor-widget-wrap elementor-element-populated\">\n\t\t\t\t\t\t<div class=\"elementor-element elementor-element-7c2f5d34 elementor-widget elementor-widget-heading\" data-id=\"7c2f5d34\" data-element_type=\"widget\" data-e-type=\"widget\" data-widget_type=\"heading.default\">\n\t\t\t\t<div class=\"elementor-widget-container\">\n\t\t\t\t\t<h2 class=\"elementor-heading-title elementor-size-default\">A banda del nostre tast de vins i formatges a Barcelona pots trobar:<\/h2>\t\t\t\t<\/div>\n\t\t\t\t<\/div>\n\t\t\t\t\t<\/div>\n\t\t<\/div>\n\t\t\t\t\t<\/div>\n\t\t<\/section>\n\t\t\t\t<section class=\"elementor-section elementor-top-section elementor-element elementor-element-38256c8c elementor-section-content-middle elementor-section-stretched elementor-section-boxed elementor-section-height-default elementor-section-height-default wpr-particle-no wpr-jarallax-no wpr-parallax-no wpr-sticky-section-no wpr-equal-height-no\" data-id=\"38256c8c\" data-element_type=\"section\" data-e-type=\"section\" data-settings=\"{&quot;stretch_section&quot;:&quot;section-stretched&quot;}\">\n\t\t\t\t\t\t\t<div class=\"elementor-background-overlay\"><\/div>\n\t\t\t\t\t\t\t<div class=\"elementor-container elementor-column-gap-default\">\n\t\t\t\t\t<div class=\"elementor-column elementor-col-100 elementor-top-column elementor-element elementor-element-2930a9a9\" data-id=\"2930a9a9\" data-element_type=\"column\" data-e-type=\"column\">\n\t\t\t<div class=\"elementor-widget-wrap elementor-element-populated\">\n\t\t\t\t\t\t<div class=\"elementor-element elementor-element-7ff0c68c elementor-widget elementor-widget-shortcode\" data-id=\"7ff0c68c\" data-element_type=\"widget\" data-e-type=\"widget\" data-widget_type=\"shortcode.default\">\n\t\t\t\t<div class=\"elementor-widget-container\">\n\t\t\t\t\t\t\t<div class=\"elementor-shortcode\"><div class=\"pt-cv-wrapper\"><div class=\"pt-cv-view pt-cv-grid pt-cv-colsys\" id=\"pt-cv-view-1f44a51x8u\"><div data-id=\"pt-cv-page-1\" class=\"pt-cv-page\" data-cvc=\"3\"><div class=\"col-md-4 col-sm-4 col-xs-12 pt-cv-content-item pt-cv-1-col\"  data-pid=\"2629\"><div class='pt-cv-ifield'><a href=\"https:\/\/www.cata-de-vinos.barcelona\/ca\/tast-de-vins-barcelona-regal\/\" class=\"_self pt-cv-href-thumbnail pt-cv-thumb-default cvplbd\" target=\"_self\" ><img fetchpriority=\"high\" decoding=\"async\" width=\"320\" height=\"500\" src=\"https:\/\/www.cata-de-vinos.barcelona\/wp-content\/uploads\/2024\/07\/regalar.png\" class=\"pt-cv-thumbnail img-none\" alt=\"cata de vinos barcelona regalo\" srcset=\"https:\/\/www.cata-de-vinos.barcelona\/wp-content\/uploads\/2024\/07\/regalar.png 320w, https:\/\/www.cata-de-vinos.barcelona\/wp-content\/uploads\/2024\/07\/regalar-192x300.png 192w\" sizes=\"(max-width: 320px) 100vw, 320px\" \/><\/a>\n<h2 class=\"pt-cv-title\"><a href=\"https:\/\/www.cata-de-vinos.barcelona\/ca\/tast-de-vins-barcelona-regal\/\" class=\"_self cvplbd\" target=\"_self\" >Tast de Vins Barcelona Regal<\/a><\/h2>\n<div class=\"pt-cv-content\">Tast de Vins Barcelona el Regal Ideal El regal que romangu\u00e9s pel tempsS\u00ed, el nostre tast de vins a Barcelona ...<br \/><div class=\"pt-cv-rmwrap\"><a href=\"https:\/\/www.cata-de-vinos.barcelona\/ca\/tast-de-vins-barcelona-regal\/\" class=\"_self pt-cv-readmore btn btn-success cvplbd\" target=\"_self\">Leer M\u00e1s<\/a><\/div><\/div><\/div><\/div>\n<div class=\"col-md-4 col-sm-4 col-xs-12 pt-cv-content-item pt-cv-1-col\"  data-pid=\"2641\"><div class='pt-cv-ifield'><a href=\"https:\/\/www.cata-de-vinos.barcelona\/ca\/curs-de-tast-de-vins-a-barcelona\/\" class=\"_self pt-cv-href-thumbnail pt-cv-thumb-default cvplbd\" target=\"_self\" ><img decoding=\"async\" width=\"320\" height=\"500\" src=\"https:\/\/www.cata-de-vinos.barcelona\/wp-content\/uploads\/2024\/07\/aprender.png\" class=\"pt-cv-thumbnail img-none\" alt=\"Curso De Cata De Vinos En Barcelona\" srcset=\"https:\/\/www.cata-de-vinos.barcelona\/wp-content\/uploads\/2024\/07\/aprender.png 320w, https:\/\/www.cata-de-vinos.barcelona\/wp-content\/uploads\/2024\/07\/aprender-192x300.png 192w\" sizes=\"(max-width: 320px) 100vw, 320px\" \/><\/a>\n<h2 class=\"pt-cv-title\"><a href=\"https:\/\/www.cata-de-vinos.barcelona\/ca\/curs-de-tast-de-vins-a-barcelona\/\" class=\"_self cvplbd\" target=\"_self\" >Curs De Tast De Vins A Barcelona<\/a><\/h2>\n<div class=\"pt-cv-content\">Curs de tast de vins Barcelona Benvinguts a una experi\u00e8ncia vitivin\u00edcola inoblidableEndinsa't a l'apassionant m\u00f3n del vi amb el nostre ...<br \/><div class=\"pt-cv-rmwrap\"><a href=\"https:\/\/www.cata-de-vinos.barcelona\/ca\/curs-de-tast-de-vins-a-barcelona\/\" class=\"_self pt-cv-readmore btn btn-success cvplbd\" target=\"_self\">Leer M\u00e1s<\/a><\/div><\/div><\/div><\/div>\n<div class=\"col-md-4 col-sm-4 col-xs-12 pt-cv-content-item pt-cv-1-col\"  data-pid=\"2605\"><div class='pt-cv-ifield'><a href=\"https:\/\/www.cata-de-vinos.barcelona\/ca\/tast-de-vins-en-parella-barcelona\/\" class=\"_self pt-cv-href-thumbnail pt-cv-thumb-default cvplbd\" target=\"_self\" ><img decoding=\"async\" width=\"320\" height=\"500\" src=\"https:\/\/www.cata-de-vinos.barcelona\/wp-content\/uploads\/2024\/07\/cata-de-vinos-pareja.png\" class=\"pt-cv-thumbnail img-none\" alt=\"\u00ed\" srcset=\"https:\/\/www.cata-de-vinos.barcelona\/wp-content\/uploads\/2024\/07\/cata-de-vinos-pareja.png 320w, https:\/\/www.cata-de-vinos.barcelona\/wp-content\/uploads\/2024\/07\/cata-de-vinos-pareja-192x300.png 192w\" sizes=\"(max-width: 320px) 100vw, 320px\" \/><\/a>\n<h2 class=\"pt-cv-title\"><a href=\"https:\/\/www.cata-de-vinos.barcelona\/ca\/tast-de-vins-en-parella-barcelona\/\" class=\"_self cvplbd\" target=\"_self\" >Tast de vins en parella Barcelona<\/a><\/h2>\n<div class=\"pt-cv-content\">Tast de vins en parella Barcelona Gaudir Compartint tast de vins \u00fanic a BarcelonaEl m\u00f3n del vi i el nostre ...<br \/><div class=\"pt-cv-rmwrap\"><a href=\"https:\/\/www.cata-de-vinos.barcelona\/ca\/tast-de-vins-en-parella-barcelona\/\" class=\"_self pt-cv-readmore btn btn-success cvplbd\" target=\"_self\">Leer M\u00e1s<\/a><\/div><\/div><\/div><\/div><\/div><\/div><\/div>\t\t\t<style type=\"text\/css\" id=\"pt-cv-inline-style-80a012b90a\">#pt-cv-view-1f44a51x8u .pt-cv-title a, #pt-cv-view-1f44a51x8u  .panel-title { font-size: 20px !important; color: #000000 !important; font-weight: 600 !important; line-height: 0.5 !important; }\n#pt-cv-view-1f44a51x8u  .pt-cv-title a:hover, #pt-cv-view-1f44a51x8u  .panel-title:hover   { font-size: 20px !important; color: #000000 !important; line-height: 0.5 !important; }\n#pt-cv-view-1f44a51x8u .pt-cv-content , #pt-cv-view-1f44a51x8u  .pt-cv-content *:not(.pt-cv-readmore):not(style):not(script) { font-size: 18px !important; line-height: 1.3 !important; }\n#pt-cv-view-1f44a51x8u .pt-cv-readmore  { font-size: 18px !important; line-height: 1.3 !important; color: #ffffff !important; background-color: #bc2749 !important; }\n#pt-cv-view-1f44a51x8u .pt-cv-readmore:hover  { font-size: 18px !important; line-height: 1.3 !important; color: #ffffff !important; background-color: #bc2749 !important; }<\/style>\r\n\t\t\t<\/div>\n\t\t\t\t\t\t<\/div>\n\t\t\t\t<\/div>\n\t\t\t\t\t<\/div>\n\t\t<\/div>\n\t\t\t\t\t<\/div>\n\t\t<\/section>\n\t\t\t\t<\/div>\n\t\t","protected":false},"excerpt":{"rendered":"<p>Tast de vins i formatges Barcelona Vins i Formatges | La Combinaci\u00f3 Perfecta L&#8217;opci\u00f3 perfecta per allunyar-se de l&#8217;enrenou de la ciutat i viure una experi\u00e8ncia culin\u00e0ria sense igual amb el nostre tast de vins i formatges. No nom\u00e9s est\u00e0s convidat a delectar-te amb una curada selecci\u00f3 de vins, en aquesta vetllada el maridatge ser\u00e0 igual d&#8217;important. L&#8217;ocasi\u00f3 id\u00f2nia per tastar formatges \u00fanics, elegits per les caracter\u00edstiques distintives i la capacitat per complementar-se. Reserva avui Quatre Raons per assistir el millor tast de vins catalunya Galeria de Sabor Descobreix una pan\u00f2plia de vins exquisits i formatges artesanals que es fondran a la teva boca. Cada combinaci\u00f3 ha estat seleccionada per experts per crear veritable harmonia entre vi i formatge. Tots els Nivells Cada sessi\u00f3 \u00e9s un am\u00e8 aprenentatge, ja sigui sobre l&#8217;art d&#8217;acompanyar o sobre la hist\u00f2ria dels vins que degustar\u00e0s, tant se val si ets expert o principiant. Entorn d&#8217;Encant \u00c9s moment de relaxar-se en un entorn acollidor al cor de Barcelona. El nostre espai est\u00e0 dissenyat per proporcionar una experi\u00e8ncia sensorial completa i plaent. Sommeliers de Renom Els nostres apassionats sommeliers et guiaran a trav\u00e9s de cada tast. Et compartiran el seu coneixement i passi\u00f3 a cada glop ia cada mos. M\u00e9s Que Un Tast de vi i formatge \u00c9s una experi\u00e8ncia que va m\u00e9s enll\u00e0 d\u00b4una simple degustaci\u00f3, \u00e9s una exploraci\u00f3 profunda de l\u00b4artesania i la tradici\u00f3. Vine a donar-te un gust. El nostre equip de sommeliers explicaran els principis fonamentals de l&#8217;acompanyament del vi, ensenyant-te a identificar qu\u00e8 fa que certs vins i formatges es complementin tan b\u00e9. Reserva avui i experimenta el despertar dels teus sentits. Reserva ara L\u00b4Art del Maridatge en aquesta experi\u00e8ncia tast de vins barcelona En participar al nostre tast, entrar\u00e0s en un m\u00f3n on el vi i el formatge s\u00f3n molt m\u00e9s que una simple combinaci\u00f3; s\u00f3n una conversa entre sabors, aromes i textures. Reserva ara el teu lloc al nostre tast de vins i formatges i descobreix per qu\u00e8 aquesta combinaci\u00f3 \u00e9s coneguda com la parella perfecta al m\u00f3n culinari. T&#8217;esperem per brindar-te un tast de vins Barcelona inoblidable! A banda del nostre tast de vins i formatges a Barcelona pots trobar:<\/p>\n","protected":false},"author":1,"featured_media":1983,"comment_status":"closed","ping_status":"closed","sticky":false,"template":"","format":"standard","meta":{"site-sidebar-layout":"default","site-content-layout":"","ast-site-content-layout":"default","site-content-style":"default","site-sidebar-style":"default","ast-global-header-display":"","ast-banner-title-visibility":"","ast-main-header-display":"","ast-hfb-above-header-display":"","ast-hfb-below-header-display":"","ast-hfb-mobile-header-display":"","site-post-title":"disabled","ast-breadcrumbs-content":"","ast-featured-img":"disabled","footer-sml-layout":"","ast-disable-related-posts":"","theme-transparent-header-meta":"","adv-header-id-meta":"","stick-header-meta":"","header-above-stick-meta":"","header-main-stick-meta":"","header-below-stick-meta":"","astra-migrate-meta-layouts":"set","ast-page-background-enabled":"default","ast-page-background-meta":{"desktop":{"background-color":"","background-image":"","background-repeat":"repeat","background-position":"center center","background-size":"auto","background-attachment":"scroll","background-type":"","background-media":"","overlay-type":"","overlay-color":"","overlay-opacity":"","overlay-gradient":""},"tablet":{"background-color":"","background-image":"","background-repeat":"repeat","background-position":"center center","background-size":"auto","background-attachment":"scroll","background-type":"","background-media":"","overlay-type":"","overlay-color":"","overlay-opacity":"","overlay-gradient":""},"mobile":{"background-color":"","background-image":"","background-repeat":"repeat","background-position":"center center","background-size":"auto","background-attachment":"scroll","background-type":"","background-media":"","overlay-type":"","overlay-color":"","overlay-opacity":"","overlay-gradient":""}},"ast-content-background-meta":{"desktop":{"background-color":"var(--ast-global-color-5)","background-image":"","background-repeat":"repeat","background-position":"center center","background-size":"auto","background-attachment":"scroll","background-type":"","background-media":"","overlay-type":"","overlay-color":"","overlay-opacity":"","overlay-gradient":""},"tablet":{"background-color":"var(--ast-global-color-5)","background-image":"","background-repeat":"repeat","background-position":"center center","background-size":"auto","background-attachment":"scroll","background-type":"","background-media":"","overlay-type":"","overlay-color":"","overlay-opacity":"","overlay-gradient":""},"mobile":{"background-color":"var(--ast-global-color-5)","background-image":"","background-repeat":"repeat","background-position":"center center","background-size":"auto","background-attachment":"scroll","background-type":"","background-media":"","overlay-type":"","overlay-color":"","overlay-opacity":"","overlay-gradient":""}},"footnotes":""},"categories":[46],"tags":[],"class_list":["post-2618","post","type-post","status-publish","format-standard","has-post-thumbnail","hentry","category-serveis"],"yoast_head":"<!-- This site is optimized with the Yoast SEO Premium plugin v26.0 (Yoast SEO v27.5) - https:\/\/yoast.com\/product\/yoast-seo-premium-wordpress\/ -->\n<title>Tast de Vins i Formatges Barcelona - Cata de Vinos Barcelona<\/title>\n<meta name=\"description\" content=\"Gaudeix d\u00b4un incre\u00efble Tast de vins i formatges Barcelona. Una experi\u00e8ncia on els teus sentits en aquest tast de vins Barcelona ciutat...\" \/>\n<meta name=\"robots\" content=\"index, follow, max-snippet:-1, max-image-preview:large, max-video-preview:-1\" \/>\n<link rel=\"canonical\" href=\"https:\/\/www.cata-de-vinos.barcelona\/ca\/tast-de-vins-i-formatges-barcelona\/\" \/>\n<meta property=\"og:locale\" content=\"ca_ES\" \/>\n<meta property=\"og:type\" content=\"article\" \/>\n<meta property=\"og:title\" content=\"Tast de vins i formatges Barcelona\" \/>\n<meta property=\"og:description\" content=\"Gaudeix d\u00b4un incre\u00efble Tast de vins i formatges Barcelona. Una experi\u00e8ncia on els teus sentits en aquest tast de vins Barcelona ciutat...\" \/>\n<meta property=\"og:url\" content=\"https:\/\/www.cata-de-vinos.barcelona\/ca\/tast-de-vins-i-formatges-barcelona\/\" \/>\n<meta property=\"og:site_name\" content=\"Cata de Vinos Barcelona\" \/>\n<meta property=\"article:published_time\" content=\"2024-07-30T12:30:55+00:00\" \/>\n<meta property=\"article:modified_time\" content=\"2024-08-24T14:51:31+00:00\" \/>\n<meta property=\"og:image\" content=\"https:\/\/www.cata-de-vinos.barcelona\/wp-content\/uploads\/2024\/07\/cata-de-vinos-quesop.png\" \/>\n\t<meta property=\"og:image:width\" content=\"320\" \/>\n\t<meta property=\"og:image:height\" content=\"500\" \/>\n\t<meta property=\"og:image:type\" content=\"image\/png\" \/>\n<meta name=\"author\" content=\"admin\" \/>\n<meta name=\"twitter:card\" content=\"summary_large_image\" \/>\n<meta name=\"twitter:label1\" content=\"Escrit per\" \/>\n\t<meta name=\"twitter:data1\" content=\"\" \/>\n\t<meta name=\"twitter:label2\" content=\"Temps estimat de lectura\" \/>\n\t<meta name=\"twitter:data2\" content=\"2 minuts\" \/>\n<script type=\"application\/ld+json\" class=\"yoast-schema-graph\">{\"@context\":\"https:\\\/\\\/schema.org\",\"@graph\":[{\"@type\":\"Article\",\"@id\":\"https:\\\/\\\/www.cata-de-vinos.barcelona\\\/ca\\\/tast-de-vins-i-formatges-barcelona\\\/#article\",\"isPartOf\":{\"@id\":\"https:\\\/\\\/www.cata-de-vinos.barcelona\\\/ca\\\/tast-de-vins-i-formatges-barcelona\\\/\"},\"author\":{\"name\":\"admin\",\"@id\":\"https:\\\/\\\/www.cata-de-vinos.barcelona\\\/ca\\\/#\\\/schema\\\/person\\\/abd6c37834ef9d7301a4e28c07c0dadb\"},\"headline\":\"Tast de vins i formatges Barcelona\",\"datePublished\":\"2024-07-30T12:30:55+00:00\",\"dateModified\":\"2024-08-24T14:51:31+00:00\",\"mainEntityOfPage\":{\"@id\":\"https:\\\/\\\/www.cata-de-vinos.barcelona\\\/ca\\\/tast-de-vins-i-formatges-barcelona\\\/\"},\"wordCount\":407,\"publisher\":{\"@id\":\"https:\\\/\\\/www.cata-de-vinos.barcelona\\\/ca\\\/#organization\"},\"image\":{\"@id\":\"https:\\\/\\\/www.cata-de-vinos.barcelona\\\/ca\\\/tast-de-vins-i-formatges-barcelona\\\/#primaryimage\"},\"thumbnailUrl\":\"https:\\\/\\\/www.cata-de-vinos.barcelona\\\/wp-content\\\/uploads\\\/2024\\\/07\\\/cata-de-vinos-quesop.png\",\"articleSection\":[\"Serveis\"],\"inLanguage\":\"ca\"},{\"@type\":\"WebPage\",\"@id\":\"https:\\\/\\\/www.cata-de-vinos.barcelona\\\/ca\\\/tast-de-vins-i-formatges-barcelona\\\/\",\"url\":\"https:\\\/\\\/www.cata-de-vinos.barcelona\\\/ca\\\/tast-de-vins-i-formatges-barcelona\\\/\",\"name\":\"Tast de Vins i Formatges Barcelona - Cata de Vinos Barcelona\",\"isPartOf\":{\"@id\":\"https:\\\/\\\/www.cata-de-vinos.barcelona\\\/ca\\\/#website\"},\"primaryImageOfPage\":{\"@id\":\"https:\\\/\\\/www.cata-de-vinos.barcelona\\\/ca\\\/tast-de-vins-i-formatges-barcelona\\\/#primaryimage\"},\"image\":{\"@id\":\"https:\\\/\\\/www.cata-de-vinos.barcelona\\\/ca\\\/tast-de-vins-i-formatges-barcelona\\\/#primaryimage\"},\"thumbnailUrl\":\"https:\\\/\\\/www.cata-de-vinos.barcelona\\\/wp-content\\\/uploads\\\/2024\\\/07\\\/cata-de-vinos-quesop.png\",\"datePublished\":\"2024-07-30T12:30:55+00:00\",\"dateModified\":\"2024-08-24T14:51:31+00:00\",\"description\":\"Gaudeix d\u00b4un incre\u00efble Tast de vins i formatges Barcelona. Una experi\u00e8ncia on els teus sentits en aquest tast de vins Barcelona ciutat...\",\"breadcrumb\":{\"@id\":\"https:\\\/\\\/www.cata-de-vinos.barcelona\\\/ca\\\/tast-de-vins-i-formatges-barcelona\\\/#breadcrumb\"},\"inLanguage\":\"ca\",\"potentialAction\":[{\"@type\":\"ReadAction\",\"target\":[\"https:\\\/\\\/www.cata-de-vinos.barcelona\\\/ca\\\/tast-de-vins-i-formatges-barcelona\\\/\"]}]},{\"@type\":\"ImageObject\",\"inLanguage\":\"ca\",\"@id\":\"https:\\\/\\\/www.cata-de-vinos.barcelona\\\/ca\\\/tast-de-vins-i-formatges-barcelona\\\/#primaryimage\",\"url\":\"https:\\\/\\\/www.cata-de-vinos.barcelona\\\/wp-content\\\/uploads\\\/2024\\\/07\\\/cata-de-vinos-quesop.png\",\"contentUrl\":\"https:\\\/\\\/www.cata-de-vinos.barcelona\\\/wp-content\\\/uploads\\\/2024\\\/07\\\/cata-de-vinos-quesop.png\",\"width\":320,\"height\":500,\"caption\":\"cata de vinos y quesos barcelona\"},{\"@type\":\"BreadcrumbList\",\"@id\":\"https:\\\/\\\/www.cata-de-vinos.barcelona\\\/ca\\\/tast-de-vins-i-formatges-barcelona\\\/#breadcrumb\",\"itemListElement\":[{\"@type\":\"ListItem\",\"position\":1,\"name\":\"Portada\",\"item\":\"https:\\\/\\\/www.cata-de-vinos.barcelona\\\/ca\\\/\"},{\"@type\":\"ListItem\",\"position\":2,\"name\":\"Tast de vins i formatges Barcelona\"}]},{\"@type\":\"WebSite\",\"@id\":\"https:\\\/\\\/www.cata-de-vinos.barcelona\\\/ca\\\/#website\",\"url\":\"https:\\\/\\\/www.cata-de-vinos.barcelona\\\/ca\\\/\",\"name\":\"Cata de Vinos Barcelona\",\"description\":\"La Mejor Cata de Vinos de Barcelona\",\"publisher\":{\"@id\":\"https:\\\/\\\/www.cata-de-vinos.barcelona\\\/ca\\\/#organization\"},\"potentialAction\":[{\"@type\":\"SearchAction\",\"target\":{\"@type\":\"EntryPoint\",\"urlTemplate\":\"https:\\\/\\\/www.cata-de-vinos.barcelona\\\/ca\\\/?s={search_term_string}\"},\"query-input\":{\"@type\":\"PropertyValueSpecification\",\"valueRequired\":true,\"valueName\":\"search_term_string\"}}],\"inLanguage\":\"ca\"},{\"@type\":\"Organization\",\"@id\":\"https:\\\/\\\/www.cata-de-vinos.barcelona\\\/ca\\\/#organization\",\"name\":\"Cata de Vinos Barcelona\",\"url\":\"https:\\\/\\\/www.cata-de-vinos.barcelona\\\/ca\\\/\",\"logo\":{\"@type\":\"ImageObject\",\"inLanguage\":\"ca\",\"@id\":\"https:\\\/\\\/www.cata-de-vinos.barcelona\\\/ca\\\/#\\\/schema\\\/logo\\\/image\\\/\",\"url\":\"https:\\\/\\\/www.cata-de-vinos.barcelona\\\/wp-content\\\/uploads\\\/2024\\\/07\\\/Cata-de-Vinos-B-1.png\",\"contentUrl\":\"https:\\\/\\\/www.cata-de-vinos.barcelona\\\/wp-content\\\/uploads\\\/2024\\\/07\\\/Cata-de-Vinos-B-1.png\",\"width\":500,\"height\":202,\"caption\":\"Cata de Vinos Barcelona\"},\"image\":{\"@id\":\"https:\\\/\\\/www.cata-de-vinos.barcelona\\\/ca\\\/#\\\/schema\\\/logo\\\/image\\\/\"}},{\"@type\":\"Person\",\"@id\":\"https:\\\/\\\/www.cata-de-vinos.barcelona\\\/ca\\\/#\\\/schema\\\/person\\\/abd6c37834ef9d7301a4e28c07c0dadb\",\"name\":\"admin\",\"image\":{\"@type\":\"ImageObject\",\"inLanguage\":\"ca\",\"@id\":\"https:\\\/\\\/secure.gravatar.com\\\/avatar\\\/496c484d359f4b5cc04df6d7c3c5cb4c6606ffba58b9a69500013652e36ae1c6?s=96&d=mm&r=g\",\"url\":\"https:\\\/\\\/secure.gravatar.com\\\/avatar\\\/496c484d359f4b5cc04df6d7c3c5cb4c6606ffba58b9a69500013652e36ae1c6?s=96&d=mm&r=g\",\"contentUrl\":\"https:\\\/\\\/secure.gravatar.com\\\/avatar\\\/496c484d359f4b5cc04df6d7c3c5cb4c6606ffba58b9a69500013652e36ae1c6?s=96&d=mm&r=g\",\"caption\":\"admin\"},\"sameAs\":[\"https:\\\/\\\/www.cata-de-vinos.barcelona\"]}]}<\/script>\n<!-- \/ Yoast SEO Premium plugin. -->","yoast_head_json":{"title":"Tast de Vins i Formatges Barcelona - Cata de Vinos Barcelona","description":"Gaudeix d\u00b4un incre\u00efble Tast de vins i formatges Barcelona. Una experi\u00e8ncia on els teus sentits en aquest tast de vins Barcelona ciutat...","robots":{"index":"index","follow":"follow","max-snippet":"max-snippet:-1","max-image-preview":"max-image-preview:large","max-video-preview":"max-video-preview:-1"},"canonical":"https:\/\/www.cata-de-vinos.barcelona\/ca\/tast-de-vins-i-formatges-barcelona\/","og_locale":"ca_ES","og_type":"article","og_title":"Tast de vins i formatges Barcelona","og_description":"Gaudeix d\u00b4un incre\u00efble Tast de vins i formatges Barcelona. Una experi\u00e8ncia on els teus sentits en aquest tast de vins Barcelona ciutat...","og_url":"https:\/\/www.cata-de-vinos.barcelona\/ca\/tast-de-vins-i-formatges-barcelona\/","og_site_name":"Cata de Vinos Barcelona","article_published_time":"2024-07-30T12:30:55+00:00","article_modified_time":"2024-08-24T14:51:31+00:00","og_image":[{"width":320,"height":500,"url":"https:\/\/www.cata-de-vinos.barcelona\/wp-content\/uploads\/2024\/07\/cata-de-vinos-quesop.png","type":"image\/png"}],"author":"admin","twitter_card":"summary_large_image","twitter_misc":{"Escrit per":false,"Temps estimat de lectura":"2 minuts"},"schema":{"@context":"https:\/\/schema.org","@graph":[{"@type":"Article","@id":"https:\/\/www.cata-de-vinos.barcelona\/ca\/tast-de-vins-i-formatges-barcelona\/#article","isPartOf":{"@id":"https:\/\/www.cata-de-vinos.barcelona\/ca\/tast-de-vins-i-formatges-barcelona\/"},"author":{"name":"admin","@id":"https:\/\/www.cata-de-vinos.barcelona\/ca\/#\/schema\/person\/abd6c37834ef9d7301a4e28c07c0dadb"},"headline":"Tast de vins i formatges Barcelona","datePublished":"2024-07-30T12:30:55+00:00","dateModified":"2024-08-24T14:51:31+00:00","mainEntityOfPage":{"@id":"https:\/\/www.cata-de-vinos.barcelona\/ca\/tast-de-vins-i-formatges-barcelona\/"},"wordCount":407,"publisher":{"@id":"https:\/\/www.cata-de-vinos.barcelona\/ca\/#organization"},"image":{"@id":"https:\/\/www.cata-de-vinos.barcelona\/ca\/tast-de-vins-i-formatges-barcelona\/#primaryimage"},"thumbnailUrl":"https:\/\/www.cata-de-vinos.barcelona\/wp-content\/uploads\/2024\/07\/cata-de-vinos-quesop.png","articleSection":["Serveis"],"inLanguage":"ca"},{"@type":"WebPage","@id":"https:\/\/www.cata-de-vinos.barcelona\/ca\/tast-de-vins-i-formatges-barcelona\/","url":"https:\/\/www.cata-de-vinos.barcelona\/ca\/tast-de-vins-i-formatges-barcelona\/","name":"Tast de Vins i Formatges Barcelona - Cata de Vinos Barcelona","isPartOf":{"@id":"https:\/\/www.cata-de-vinos.barcelona\/ca\/#website"},"primaryImageOfPage":{"@id":"https:\/\/www.cata-de-vinos.barcelona\/ca\/tast-de-vins-i-formatges-barcelona\/#primaryimage"},"image":{"@id":"https:\/\/www.cata-de-vinos.barcelona\/ca\/tast-de-vins-i-formatges-barcelona\/#primaryimage"},"thumbnailUrl":"https:\/\/www.cata-de-vinos.barcelona\/wp-content\/uploads\/2024\/07\/cata-de-vinos-quesop.png","datePublished":"2024-07-30T12:30:55+00:00","dateModified":"2024-08-24T14:51:31+00:00","description":"Gaudeix d\u00b4un incre\u00efble Tast de vins i formatges Barcelona. Una experi\u00e8ncia on els teus sentits en aquest tast de vins Barcelona ciutat...","breadcrumb":{"@id":"https:\/\/www.cata-de-vinos.barcelona\/ca\/tast-de-vins-i-formatges-barcelona\/#breadcrumb"},"inLanguage":"ca","potentialAction":[{"@type":"ReadAction","target":["https:\/\/www.cata-de-vinos.barcelona\/ca\/tast-de-vins-i-formatges-barcelona\/"]}]},{"@type":"ImageObject","inLanguage":"ca","@id":"https:\/\/www.cata-de-vinos.barcelona\/ca\/tast-de-vins-i-formatges-barcelona\/#primaryimage","url":"https:\/\/www.cata-de-vinos.barcelona\/wp-content\/uploads\/2024\/07\/cata-de-vinos-quesop.png","contentUrl":"https:\/\/www.cata-de-vinos.barcelona\/wp-content\/uploads\/2024\/07\/cata-de-vinos-quesop.png","width":320,"height":500,"caption":"cata de vinos y quesos barcelona"},{"@type":"BreadcrumbList","@id":"https:\/\/www.cata-de-vinos.barcelona\/ca\/tast-de-vins-i-formatges-barcelona\/#breadcrumb","itemListElement":[{"@type":"ListItem","position":1,"name":"Portada","item":"https:\/\/www.cata-de-vinos.barcelona\/ca\/"},{"@type":"ListItem","position":2,"name":"Tast de vins i formatges Barcelona"}]},{"@type":"WebSite","@id":"https:\/\/www.cata-de-vinos.barcelona\/ca\/#website","url":"https:\/\/www.cata-de-vinos.barcelona\/ca\/","name":"Cata de Vinos Barcelona","description":"La Mejor Cata de Vinos de Barcelona","publisher":{"@id":"https:\/\/www.cata-de-vinos.barcelona\/ca\/#organization"},"potentialAction":[{"@type":"SearchAction","target":{"@type":"EntryPoint","urlTemplate":"https:\/\/www.cata-de-vinos.barcelona\/ca\/?s={search_term_string}"},"query-input":{"@type":"PropertyValueSpecification","valueRequired":true,"valueName":"search_term_string"}}],"inLanguage":"ca"},{"@type":"Organization","@id":"https:\/\/www.cata-de-vinos.barcelona\/ca\/#organization","name":"Cata de Vinos Barcelona","url":"https:\/\/www.cata-de-vinos.barcelona\/ca\/","logo":{"@type":"ImageObject","inLanguage":"ca","@id":"https:\/\/www.cata-de-vinos.barcelona\/ca\/#\/schema\/logo\/image\/","url":"https:\/\/www.cata-de-vinos.barcelona\/wp-content\/uploads\/2024\/07\/Cata-de-Vinos-B-1.png","contentUrl":"https:\/\/www.cata-de-vinos.barcelona\/wp-content\/uploads\/2024\/07\/Cata-de-Vinos-B-1.png","width":500,"height":202,"caption":"Cata de Vinos Barcelona"},"image":{"@id":"https:\/\/www.cata-de-vinos.barcelona\/ca\/#\/schema\/logo\/image\/"}},{"@type":"Person","@id":"https:\/\/www.cata-de-vinos.barcelona\/ca\/#\/schema\/person\/abd6c37834ef9d7301a4e28c07c0dadb","name":"admin","image":{"@type":"ImageObject","inLanguage":"ca","@id":"https:\/\/secure.gravatar.com\/avatar\/496c484d359f4b5cc04df6d7c3c5cb4c6606ffba58b9a69500013652e36ae1c6?s=96&d=mm&r=g","url":"https:\/\/secure.gravatar.com\/avatar\/496c484d359f4b5cc04df6d7c3c5cb4c6606ffba58b9a69500013652e36ae1c6?s=96&d=mm&r=g","contentUrl":"https:\/\/secure.gravatar.com\/avatar\/496c484d359f4b5cc04df6d7c3c5cb4c6606ffba58b9a69500013652e36ae1c6?s=96&d=mm&r=g","caption":"admin"},"sameAs":["https:\/\/www.cata-de-vinos.barcelona"]}]}},"_links":{"self":[{"href":"https:\/\/www.cata-de-vinos.barcelona\/ca\/wp-json\/wp\/v2\/posts\/2618","targetHints":{"allow":["GET"]}}],"collection":[{"href":"https:\/\/www.cata-de-vinos.barcelona\/ca\/wp-json\/wp\/v2\/posts"}],"about":[{"href":"https:\/\/www.cata-de-vinos.barcelona\/ca\/wp-json\/wp\/v2\/types\/post"}],"author":[{"embeddable":true,"href":"https:\/\/www.cata-de-vinos.barcelona\/ca\/wp-json\/wp\/v2\/users\/1"}],"replies":[{"embeddable":true,"href":"https:\/\/www.cata-de-vinos.barcelona\/ca\/wp-json\/wp\/v2\/comments?post=2618"}],"version-history":[{"count":8,"href":"https:\/\/www.cata-de-vinos.barcelona\/ca\/wp-json\/wp\/v2\/posts\/2618\/revisions"}],"predecessor-version":[{"id":2719,"href":"https:\/\/www.cata-de-vinos.barcelona\/ca\/wp-json\/wp\/v2\/posts\/2618\/revisions\/2719"}],"wp:featuredmedia":[{"embeddable":true,"href":"https:\/\/www.cata-de-vinos.barcelona\/ca\/wp-json\/wp\/v2\/media\/1983"}],"wp:attachment":[{"href":"https:\/\/www.cata-de-vinos.barcelona\/ca\/wp-json\/wp\/v2\/media?parent=2618"}],"wp:term":[{"taxonomy":"category","embeddable":true,"href":"https:\/\/www.cata-de-vinos.barcelona\/ca\/wp-json\/wp\/v2\/categories?post=2618"},{"taxonomy":"post_tag","embeddable":true,"href":"https:\/\/www.cata-de-vinos.barcelona\/ca\/wp-json\/wp\/v2\/tags?post=2618"}],"curies":[{"name":"wp","href":"https:\/\/api.w.org\/{rel}","templated":true}]}}